{"id":393,"date":"2023-03-02T17:25:55","date_gmt":"2023-03-02T16:25:55","guid":{"rendered":"https:\/\/ehpad-mandelieu.fr\/?p=393"},"modified":"2023-03-02T17:25:56","modified_gmt":"2023-03-02T16:25:56","slug":"avis-dappel-a-candidatures","status":"publish","type":"post","link":"https:\/\/ehpad-mandelieu.fr\/index.php\/2023\/03\/02\/avis-dappel-a-candidatures\/","title":{"rendered":"Avis d&rsquo;appel \u00e0 candidatures"},"content":{"rendered":"\n<h3 class=\"wp-block-heading\"><\/h3>\n\n\n\n<p>&#8211; Avis d\u2019appel \u00e0 candidatures pour l&rsquo;occupation du domaine public du CCAS de Mandelieu-la napoule, en vue de l&rsquo;exploitation d&rsquo;un local destin\u00e9 \u00e0 une activit\u00e9 commerciale de <strong>coiffure <\/strong>au sein de l&rsquo;Ehpad Floribunda<\/p>\n\n\n\n<p>&#8211; Avis d\u2019appel \u00e0 candidatures pour l&rsquo;occupation du domaine public du CCAS de Mandelieu-la napoule, en vue de l&rsquo;exploitation d&rsquo;un local destin\u00e9 \u00e0 une activit\u00e9 commerciale de <strong>p\u00e9dicurie <\/strong>au sein de l&rsquo;Ehpad Floribunda<\/p>\n\n\n\n<p>Date limite de remise des candidatures : 24 mars 2023<\/p>\n\n\n\n<p><strong>\u25ba&nbsp;<a href=\"https:\/\/www.marches-securises.fr\/entreprise\/?module=liste_consultations&amp;presta=;services;travaux;fournitures;autres&amp;r=napoule&amp;date_cloture_type=0&amp;\" target=\"_blank\" rel=\"noreferrer noopener\">www.marches-securises.com<\/a><\/strong><\/p>\n","protected":false},"excerpt":{"rendered":"<p>&#8211; Avis d\u2019appel \u00e0 candidatures pour l&rsquo;occupation du domaine public du CCAS de Mandelieu-la napoule, en vue de l&rsquo;exploitation d&rsquo;un local destin\u00e9 \u00e0 une activit\u00e9 commerciale de coiffure au sein de l&rsquo;Ehpad Floribunda &#8211; Avis d\u2019appel \u00e0 candidatures pour l&rsquo;occupation du domaine public du CCAS de Mandelieu-la napoule, en vue&#8230;<\/p>\n<p class=\"continue-reading-button\"> <a class=\"continue-reading-link\" href=\"https:\/\/ehpad-mandelieu.fr\/index.php\/2023\/03\/02\/avis-dappel-a-candidatures\/\">Continue reading<i class=\"crycon-right-dir\"><\/i><\/a><\/p>\n","protected":false},"author":1,"featured_media":0,"comment_status":"closed","ping_status":"open","sticky":false,"template":"","format":"standard","meta":{"footnotes":""},"categories":[6],"tags":[],"class_list":["post-393","post","type-post","status-publish","format-standard","hentry","category-appel-a-candidatures"],"_links":{"self":[{"href":"https:\/\/ehpad-mandelieu.fr\/index.php\/wp-json\/wp\/v2\/posts\/393","targetHints":{"allow":["GET"]}}],"collection":[{"href":"https:\/\/ehpad-mandelieu.fr\/index.php\/wp-json\/wp\/v2\/posts"}],"about":[{"href":"https:\/\/ehpad-mandelieu.fr\/index.php\/wp-json\/wp\/v2\/types\/post"}],"author":[{"embeddable":true,"href":"https:\/\/ehpad-mandelieu.fr\/index.php\/wp-json\/wp\/v2\/users\/1"}],"replies":[{"embeddable":true,"href":"https:\/\/ehpad-mandelieu.fr\/index.php\/wp-json\/wp\/v2\/comments?post=393"}],"version-history":[{"count":1,"href":"https:\/\/ehpad-mandelieu.fr\/index.php\/wp-json\/wp\/v2\/posts\/393\/revisions"}],"predecessor-version":[{"id":394,"href":"https:\/\/ehpad-mandelieu.fr\/index.php\/wp-json\/wp\/v2\/posts\/393\/revisions\/394"}],"wp:attachment":[{"href":"https:\/\/ehpad-mandelieu.fr\/index.php\/wp-json\/wp\/v2\/media?parent=393"}],"wp:term":[{"taxonomy":"category","embeddable":true,"href":"https:\/\/ehpad-mandelieu.fr\/index.php\/wp-json\/wp\/v2\/categories?post=393"},{"taxonomy":"post_tag","embeddable":true,"href":"https:\/\/ehpad-mandelieu.fr\/index.php\/wp-json\/wp\/v2\/tags?post=393"}],"curies":[{"name":"wp","href":"https:\/\/api.w.org\/{rel}","templated":true}]}}