{"id":56,"date":"2022-09-02T17:04:55","date_gmt":"2022-09-02T15:04:55","guid":{"rendered":"https:\/\/ehpad-mandelieu.fr\/?p=56"},"modified":"2022-10-14T17:10:00","modified_gmt":"2022-10-14T15:10:00","slug":"ehpad-floribunda-de-mandelieu-la-napoule","status":"publish","type":"post","link":"https:\/\/ehpad-mandelieu.fr\/index.php\/2022\/09\/02\/ehpad-floribunda-de-mandelieu-la-napoule\/","title":{"rendered":"Ehpad \u00ab Floribunda \u00bb de Mandelieu-La Napoule"},"content":{"rendered":"\n<h2 class=\"wp-block-heading\">Qui sommes-nous ?<\/h2>\n\n\n\n<p class=\"has-text-align-left\">\u00c9tablissement public g\u00e9r\u00e9 par le CCAS, Capacit\u00e9 d\u2019accueil et sp\u00e9cificit\u00e9s (80 lits, 6 chambres double, PASA, pas d\u2019UVP, APA, aide sociale)<br>Les chambres et les espaces communs (accueil 7jr\/7, surveillance continue, parking visiteurs avec acc\u00e8s s\u00e9curis\u00e9, superficie des chambres, mobiliers, climatisation et photos de l\u2019\u00e9tablissement)<br>Tarifs h\u00e9bergement et prestations diverses (coiffure, p\u00e9dicurie, restauration invit\u00e9s, abonnement t\u00e9l\u00e9phonique)<br>Restauration (menus, menus \u00e0 th\u00e8me et menus \u00e9toil\u00e9s tous les mois)<br>Le petit journal de Floribunda<br>Nous contacter, N\u00b0 t\u00e9l\u00e9phone, adresse mail accueil<\/p>\n","protected":false},"excerpt":{"rendered":"<p>Qui sommes-nous ? \u00c9tablissement public g\u00e9r\u00e9 par le CCAS, Capacit\u00e9 d\u2019accueil et sp\u00e9cificit\u00e9s (80 lits, 6 chambres double, PASA, pas d\u2019UVP, APA, aide sociale)Les chambres et les espaces communs (accueil 7jr\/7, surveillance continue, parking visiteurs avec acc\u00e8s s\u00e9curis\u00e9, superficie des chambres, mobiliers, climatisation et photos de l\u2019\u00e9tablissement)Tarifs h\u00e9bergement et prestations&#8230;<\/p>\n<p class=\"continue-reading-button\"> <a class=\"continue-reading-link\" href=\"https:\/\/ehpad-mandelieu.fr\/index.php\/2022\/09\/02\/ehpad-floribunda-de-mandelieu-la-napoule\/\">Continue reading<i class=\"crycon-right-dir\"><\/i><\/a><\/p>\n","protected":false},"author":1,"featured_media":0,"comment_status":"closed","ping_status":"open","sticky":true,"template":"","format":"standard","meta":{"footnotes":""},"categories":[1],"tags":[],"class_list":["post-56","post","type-post","status-publish","format-standard","hentry","category-non-classe"],"_links":{"self":[{"href":"https:\/\/ehpad-mandelieu.fr\/index.php\/wp-json\/wp\/v2\/posts\/56","targetHints":{"allow":["GET"]}}],"collection":[{"href":"https:\/\/ehpad-mandelieu.fr\/index.php\/wp-json\/wp\/v2\/posts"}],"about":[{"href":"https:\/\/ehpad-mandelieu.fr\/index.php\/wp-json\/wp\/v2\/types\/post"}],"author":[{"embeddable":true,"href":"https:\/\/ehpad-mandelieu.fr\/index.php\/wp-json\/wp\/v2\/users\/1"}],"replies":[{"embeddable":true,"href":"https:\/\/ehpad-mandelieu.fr\/index.php\/wp-json\/wp\/v2\/comments?post=56"}],"version-history":[{"count":3,"href":"https:\/\/ehpad-mandelieu.fr\/index.php\/wp-json\/wp\/v2\/posts\/56\/revisions"}],"predecessor-version":[{"id":399,"href":"https:\/\/ehpad-mandelieu.fr\/index.php\/wp-json\/wp\/v2\/posts\/56\/revisions\/399"}],"wp:attachment":[{"href":"https:\/\/ehpad-mandelieu.fr\/index.php\/wp-json\/wp\/v2\/media?parent=56"}],"wp:term":[{"taxonomy":"category","embeddable":true,"href":"https:\/\/ehpad-mandelieu.fr\/index.php\/wp-json\/wp\/v2\/categories?post=56"},{"taxonomy":"post_tag","embeddable":true,"href":"https:\/\/ehpad-mandelieu.fr\/index.php\/wp-json\/wp\/v2\/tags?post=56"}],"curies":[{"name":"wp","href":"https:\/\/api.w.org\/{rel}","templated":true}]}}